{"id":486,"date":"2018-01-26T20:38:49","date_gmt":"2018-01-26T20:38:49","guid":{"rendered":"http:\/\/cultoural.com\/wp\/?p=486"},"modified":"2018-01-27T15:36:28","modified_gmt":"2018-01-27T15:36:28","slug":"dachau-more-than-a-concentration-camp-a-school-of-violence","status":"publish","type":"post","link":"https:\/\/cultoural.com\/wp\/en\/2018\/01\/26\/dachau-more-than-a-concentration-camp-a-school-of-violence\/","title":{"rendered":"Dachau: more than a concentration camp, a Nazi school of violence"},"content":{"rendered":"<p><a href=\"http:\/\/cultoural.com\/wp\/wp-content\/uploads\/2018\/01\/Dachau-Cultoural_DSC_2963fx-entrada-Web.jpg\"><img loading=\"lazy\" decoding=\"async\" class=\"aligncenter size-full wp-image-482\" src=\"http:\/\/cultoural.com\/wp\/wp-content\/uploads\/2018\/01\/Dachau-Cultoural_DSC_2963fx-entrada-Web.jpg\" alt=\"\" width=\"2000\" height=\"1325\" srcset=\"https:\/\/cultoural.com\/wp\/wp-content\/uploads\/2018\/01\/Dachau-Cultoural_DSC_2963fx-entrada-Web.jpg 2000w, https:\/\/cultoural.com\/wp\/wp-content\/uploads\/2018\/01\/Dachau-Cultoural_DSC_2963fx-entrada-Web-300x199.jpg 300w, https:\/\/cultoural.com\/wp\/wp-content\/uploads\/2018\/01\/Dachau-Cultoural_DSC_2963fx-entrada-Web-768x509.jpg 768w, https:\/\/cultoural.com\/wp\/wp-content\/uploads\/2018\/01\/Dachau-Cultoural_DSC_2963fx-entrada-Web-1024x678.jpg 1024w\" sizes=\"auto, (max-width: 2000px) 100vw, 2000px\" \/><\/a><\/p>\n<blockquote>\n<p style=\"text-align: center;\"><em>\u2018And there where terror was imposed, conscience is now created\u2019<\/em><\/p>\n<\/blockquote>\n<p>We have all heard about the concentration camps: one of the most horrific, known and studied systems of oppression in our recent history. Because of the closeness of January 27th, the annual International Commemoration Day in memory of the victims of the Holocaust, we present you the Commemorative Space of Dachau in Germany.<\/p>\n<p><span style=\"text-decoration: underline;\">What is the importance of Dachau?<\/span><br \/>\nEstablished in March 1933, this was the first concentration camp (initially created for political prisoners), used as a \u201cschool of violence&#8221; and role model by the \u201cSchutzstaffel\u201d or &#8220;Protection Squadron\u201d. Known as SS, this was the organization responsible for most of the genocidal killing during the Holocaust and the Adolf Hitler Nazi regime. Dachau\u2019s camp system grew to include more than 100 satellite or sub-camps and just like all the other concentration camps: it was not subjected to German law, which allowed ALL kinds of atrocities to happen. During its twelve years (nearly all the Nazi regime) more than 200,000 people from all over Europe were imprisoned there, of these around 41,500 were murdered and the official numbers would have risen, had it not been for the arrival of the troops who, in April 1945, freed the survivors.<\/p>\n<p><a href=\"http:\/\/cultoural.com\/wp\/wp-content\/uploads\/2018\/01\/Dachau-Cultoural_DSC_2875-fx-camp-Web.jpg\"><img loading=\"lazy\" decoding=\"async\" class=\"aligncenter size-full wp-image-478\" src=\"http:\/\/cultoural.com\/wp\/wp-content\/uploads\/2018\/01\/Dachau-Cultoural_DSC_2875-fx-camp-Web.jpg\" alt=\"\" width=\"2000\" height=\"1325\" srcset=\"https:\/\/cultoural.com\/wp\/wp-content\/uploads\/2018\/01\/Dachau-Cultoural_DSC_2875-fx-camp-Web.jpg 2000w, https:\/\/cultoural.com\/wp\/wp-content\/uploads\/2018\/01\/Dachau-Cultoural_DSC_2875-fx-camp-Web-300x199.jpg 300w, https:\/\/cultoural.com\/wp\/wp-content\/uploads\/2018\/01\/Dachau-Cultoural_DSC_2875-fx-camp-Web-768x509.jpg 768w, https:\/\/cultoural.com\/wp\/wp-content\/uploads\/2018\/01\/Dachau-Cultoural_DSC_2875-fx-camp-Web-1024x678.jpg 1024w\" sizes=\"auto, (max-width: 2000px) 100vw, 2000px\" \/><\/a><\/p>\n<p><span style=\"text-decoration: underline;\">Who was sent to these camps?<\/span><br \/>\nCommunists, religious leaders and believers (specially Jews), criminals, foreigners, functionaries from previous governments, homosexuals and basically anyone who spoke against the regime or who was considered to \u2018endanger the security of the state\u2019.<\/p>\n<p><span style=\"text-decoration: underline;\">What happened in there?<\/span><br \/>\nOnce the prisoners entered the facilities, which clearly stated on the gate: &#8220;Arbeit macht frei&#8221; (&#8220;Work shall set you free\u201d), they were stripped from all their possessions (including their clothing), divided into categories and used as slave labor. Brutal medical experiments including hypothermia, reviving attempts and altitude tests took place among the facilities which conditions were beneath human dignity, not only because of the poor sanitation, but also for the fact of being constantly overcrowded.<\/p>\n<p>While those inmates that were deemed unfit were killed by poison gas, many others died of malnutrition, diseases, overwork or were executed in the courtyard to set the example. Many committed suicide, either by defying the authority of their oppressors, entering \u2018forbidden areas\u2019 or throwing themselves to the electrical fence and therefore having an \u2018instant death\u2019.<\/p>\n<p><a href=\"http:\/\/cultoural.com\/wp\/wp-content\/uploads\/2018\/01\/Dachau-Cultoural_DSC_2928-fx-fence-Web.jpg\"><img loading=\"lazy\" decoding=\"async\" class=\"aligncenter size-full wp-image-479\" src=\"http:\/\/cultoural.com\/wp\/wp-content\/uploads\/2018\/01\/Dachau-Cultoural_DSC_2928-fx-fence-Web.jpg\" alt=\"\" width=\"2000\" height=\"1325\" srcset=\"https:\/\/cultoural.com\/wp\/wp-content\/uploads\/2018\/01\/Dachau-Cultoural_DSC_2928-fx-fence-Web.jpg 2000w, https:\/\/cultoural.com\/wp\/wp-content\/uploads\/2018\/01\/Dachau-Cultoural_DSC_2928-fx-fence-Web-300x199.jpg 300w, https:\/\/cultoural.com\/wp\/wp-content\/uploads\/2018\/01\/Dachau-Cultoural_DSC_2928-fx-fence-Web-768x509.jpg 768w, https:\/\/cultoural.com\/wp\/wp-content\/uploads\/2018\/01\/Dachau-Cultoural_DSC_2928-fx-fence-Web-1024x678.jpg 1024w\" sizes=\"auto, (max-width: 2000px) 100vw, 2000px\" \/><\/a><\/p>\n<p>In those lands where so much blood was spilled and souls were broken, there is since 1965 a commemorative space with a museographic exhibition that illustrates the history and composition of the Dachau concentration camp and that guides its visitors through the &#8220;prisoner&#8217;s path\u201d. Its objective is to preserve the evidence of the crimes of the National Socialism, to keep alive the memory of the victims&#8217; suffering and to use these spaces as places of learning for the future generations.<\/p>\n<p><span style=\"text-decoration: underline;\">What can you expect from a visit to Dachau?<\/span><br \/>\nThe visit allows you to get to know the bunker or old prison of the camp, the barracks, the crematory areas and the facilities \/ security measures that were taken in the complex, as well as exhibitions (both temporary and permanent) and of course, the horrific entrance and reception process of the prisoners.<\/p>\n<p><span style=\"text-decoration: underline;\">What is recommended before going?<\/span><br \/>\nThe most important thing is to prepare yourself emotionally because the details that are learned and illustrated during the journey are horrible and highly shocking. If you are going with a group it is recommended to check in advance the possibility of having a private guide and, whatever the case may be, it is preferable that you try to study the subject, even if minimally, to better understand its context. Given the nature of this place we also suggest to make your actions pay respect to the victims and a good way to do it is, for example, to avoid making cruel jokes or taking smiley &#8216;selfies&#8217;.<\/p>\n<p>From <a href=\"http:\/\/Cultoural.com\" target=\"_blank\" rel=\"noopener\">Cultoural.com<\/a> we invite you to learn about this dark chapter of the past, so we can avoid its repetition in the future. In case you can not go physically you can do the Virtual Tour via: <a href=\"https:\/\/www.kz-gedenkstaette-dachau.de\/virtual_tour.html\" target=\"_blank\" rel=\"noopener\">https:\/\/www.kz-gedenkstaette-dachau.de\/virtual_tour.html<\/a><\/p>\n<p><em>Photos: \u00a9 2018. Maricha Mart\u00ednez Sosa \/ Roland Liebetrau.<\/em><\/p>\n<p><a href=\"http:\/\/cultoural.com\/wp\/wp-content\/uploads\/2018\/01\/Dachau-Cultoural_DSC_2942fx-crematorio-Web.jpg\"><img loading=\"lazy\" decoding=\"async\" class=\"aligncenter size-full wp-image-480\" src=\"http:\/\/cultoural.com\/wp\/wp-content\/uploads\/2018\/01\/Dachau-Cultoural_DSC_2942fx-crematorio-Web.jpg\" alt=\"\" width=\"2000\" height=\"1325\" srcset=\"https:\/\/cultoural.com\/wp\/wp-content\/uploads\/2018\/01\/Dachau-Cultoural_DSC_2942fx-crematorio-Web.jpg 2000w, https:\/\/cultoural.com\/wp\/wp-content\/uploads\/2018\/01\/Dachau-Cultoural_DSC_2942fx-crematorio-Web-300x199.jpg 300w, https:\/\/cultoural.com\/wp\/wp-content\/uploads\/2018\/01\/Dachau-Cultoural_DSC_2942fx-crematorio-Web-768x509.jpg 768w, https:\/\/cultoural.com\/wp\/wp-content\/uploads\/2018\/01\/Dachau-Cultoural_DSC_2942fx-crematorio-Web-1024x678.jpg 1024w\" sizes=\"auto, (max-width: 2000px) 100vw, 2000px\" \/><\/a><\/p>\n<h3 style=\"text-align: center;\"><span style=\"text-decoration: underline;\"><strong>Dachau: m\u00e1s que un campo de concentraci\u00f3n, una escuela Nazi de violencia.<\/strong><\/span><\/h3>\n<blockquote>\n<p style=\"text-align: center;\"><em>&#8216;Y all\u00ed donde se impuso el terror, ahora se crea conciencia&#8217;<\/em><\/p>\n<\/blockquote>\n<p>Todos hemos o\u00eddo hablar de los campos de concentraci\u00f3n: uno de los m\u00e1s horrorosos, conocidos y estudiados sistemas de opresi\u00f3n de nuestra historia reciente. Debido a la cercan\u00eda del 27 de enero, D\u00eda de Conmemoraci\u00f3n Internacional anual en memoria de las v\u00edctimas del Holocausto, les presentamos el Espacio Conmemorativo de Dachau en Alemania.<\/p>\n<p><span style=\"text-decoration: underline;\">\u00bfCu\u00e1l es la importancia de Dachau?<\/span><br \/>\nEstablecido en marzo de 1933, este fue el primer campo de concentraci\u00f3n (inicialmente creado para presos pol\u00edticos), utilizado como una &#8220;escuela de violencia&#8221; y modelo a seguir por el &#8220;Schutzstaffel&#8221; o &#8220;Escuadr\u00f3n de Protecci\u00f3n&#8221;. Conocida como SS, esta fue la organizaci\u00f3n responsable de la mayor\u00eda de los asesinatos genocidas durante el Holocausto y el r\u00e9gimen nazi de Adolf Hitler. El sistema de campamento de Dachau creci\u00f3 para incluir m\u00e1s 100 sat\u00e9lites o subcampos y al igual que todos los dem\u00e1s campos de concentraci\u00f3n: no estaba sujeto a la ley alemana, lo que permiti\u00f3 que all\u00ed ocurrieran TODO tipo de atrocidades. Durante sus doce a\u00f1os (casi todo el r\u00e9gimen nazi) m\u00e1s de 200,000 personas de toda Europa fueron encarceladas all\u00ed y en sus campos subsidiarios, de los cuales alrededor de 41,500 fueron asesinados y estos n\u00fameros oficiales habr\u00edan aumentado, de no haber sido por la llegada de las tropas que, en abril de 1945, liberaron a los sobrevivientes.<\/p>\n<p><a href=\"http:\/\/cultoural.com\/wp\/wp-content\/uploads\/2018\/01\/Dachau-Cultoural_GOPR2640-fx-escultura-Web.jpg\"><img loading=\"lazy\" decoding=\"async\" class=\"aligncenter size-full wp-image-483\" src=\"http:\/\/cultoural.com\/wp\/wp-content\/uploads\/2018\/01\/Dachau-Cultoural_GOPR2640-fx-escultura-Web.jpg\" alt=\"\" width=\"2000\" height=\"1500\" srcset=\"https:\/\/cultoural.com\/wp\/wp-content\/uploads\/2018\/01\/Dachau-Cultoural_GOPR2640-fx-escultura-Web.jpg 2000w, https:\/\/cultoural.com\/wp\/wp-content\/uploads\/2018\/01\/Dachau-Cultoural_GOPR2640-fx-escultura-Web-300x225.jpg 300w, https:\/\/cultoural.com\/wp\/wp-content\/uploads\/2018\/01\/Dachau-Cultoural_GOPR2640-fx-escultura-Web-768x576.jpg 768w, https:\/\/cultoural.com\/wp\/wp-content\/uploads\/2018\/01\/Dachau-Cultoural_GOPR2640-fx-escultura-Web-1024x768.jpg 1024w\" sizes=\"auto, (max-width: 2000px) 100vw, 2000px\" \/><\/a><\/p>\n<p><span style=\"text-decoration: underline;\">\u00bfQui\u00e9nes eran enviados a estos campos?<\/span><br \/>\nComunistas, l\u00edderes y creyentes religiosos (especialmente jud\u00edos), criminales, extranjeros , funcionarios de gobiernos anteriores, homosexuales y b\u00e1sicamente cualquiera que hablara en contra del r\u00e9gimen o que se considerara que &#8220;pon\u00eda en peligro la seguridad del Estado&#8221;.<\/p>\n<p><span style=\"text-decoration: underline;\">\u00bfQu\u00e9 suced\u00eda all\u00ed?<\/span><br \/>\nUna vez que los prisioneros eran ingresados en las instalaciones, que claramente indicaban en la puerta: &#8220;Arbeit macht frei&#8221; (&#8220;El trabajo les har\u00e1 libres\u201d), eran despojados de todas sus posesiones (incluida su ropa), divididos en categor\u00edas y utilizados como mano de obra esclava. Experimentos m\u00e9dicos brutales que incluyeron hipotermia, intentos de reanimaci\u00f3n y pruebas de altitud tuvieron lugar en las instalaciones, cuyas condiciones estaban por debajo de lo aceptable para la dignidad humana, no solo por la falta de saneamiento, sino tambi\u00e9n por el hecho de estar constantemente superpobladas.<\/p>\n<p><a href=\"http:\/\/cultoural.com\/wp\/wp-content\/uploads\/2018\/01\/Dachau-Cultoural_GOPR2666-fx-desinfeccion-web.jpg\"><img loading=\"lazy\" decoding=\"async\" class=\"aligncenter size-full wp-image-487\" src=\"http:\/\/cultoural.com\/wp\/wp-content\/uploads\/2018\/01\/Dachau-Cultoural_GOPR2666-fx-desinfeccion-web.jpg\" alt=\"\" width=\"2000\" height=\"1275\" srcset=\"https:\/\/cultoural.com\/wp\/wp-content\/uploads\/2018\/01\/Dachau-Cultoural_GOPR2666-fx-desinfeccion-web.jpg 2000w, https:\/\/cultoural.com\/wp\/wp-content\/uploads\/2018\/01\/Dachau-Cultoural_GOPR2666-fx-desinfeccion-web-300x191.jpg 300w, https:\/\/cultoural.com\/wp\/wp-content\/uploads\/2018\/01\/Dachau-Cultoural_GOPR2666-fx-desinfeccion-web-768x490.jpg 768w, https:\/\/cultoural.com\/wp\/wp-content\/uploads\/2018\/01\/Dachau-Cultoural_GOPR2666-fx-desinfeccion-web-1024x653.jpg 1024w\" sizes=\"auto, (max-width: 2000px) 100vw, 2000px\" \/><\/a><\/p>\n<p>Mientras los presos que eran consideraros no aptos eran asesinados v\u00eda gas venenoso, muchos otros murieron por desnutrici\u00f3n, enfermedades, exceso de trabajo o fueron ejecutados en el patio para dar el ejemplo. Muchos se suicidaron desafiando la autoridad de sus opresores, entrando en &#8220;\u00e1reas prohibidas&#8221; o arroj\u00e1ndose a la valla el\u00e9ctrica y por lo tanto teniendo una &#8220;muerte instant\u00e1nea&#8221;.<\/p>\n<p>En aquellos terrenos donde tanta sangre se derram\u00f3 y tantas almas fueron rotas, existe desde 1965 un espacio conmemorativo con una exposici\u00f3n museogr\u00e1fica que ilustra la historia y la composici\u00f3n del campo de concentraci\u00f3n de Dachau y que gu\u00eda a sus visitantes a trav\u00e9s del &#8220;camino del prisionero&#8221;. Su objetivo es preservar la evidencia de los cr\u00edmenes del nacionalsocialismo, mantener vivo el recuerdo del sufrimiento de las v\u00edctimas y utilizar estos espacios como lugares de aprendizaje para las generaciones futuras.<\/p>\n<p><span style=\"text-decoration: underline;\">\u00bfQu\u00e9 se puede esperar de una visita a Dachau?<\/span><br \/>\nLa visita te permite conocer el b\u00fanker o la antigua prisi\u00f3n del campo, los cuarteles, las \u00e1reas de crematorios y las instalaciones \/ medidas de seguridad que se tomaban en el complejo, as\u00ed como exposiciones (tanto temporales como permanentes) y, por supuesto, el escalofriante proceso de entrada y recepci\u00f3n de los prisioneros.<\/p>\n<p><a href=\"http:\/\/cultoural.com\/wp\/wp-content\/uploads\/2018\/01\/Dachau-Cultoural_DSC_2955fx-crematorio-viejo-Web.jpg\"><img loading=\"lazy\" decoding=\"async\" class=\"aligncenter size-full wp-image-481\" src=\"http:\/\/cultoural.com\/wp\/wp-content\/uploads\/2018\/01\/Dachau-Cultoural_DSC_2955fx-crematorio-viejo-Web.jpg\" alt=\"\" width=\"2000\" height=\"1325\" srcset=\"https:\/\/cultoural.com\/wp\/wp-content\/uploads\/2018\/01\/Dachau-Cultoural_DSC_2955fx-crematorio-viejo-Web.jpg 2000w, https:\/\/cultoural.com\/wp\/wp-content\/uploads\/2018\/01\/Dachau-Cultoural_DSC_2955fx-crematorio-viejo-Web-300x199.jpg 300w, https:\/\/cultoural.com\/wp\/wp-content\/uploads\/2018\/01\/Dachau-Cultoural_DSC_2955fx-crematorio-viejo-Web-768x509.jpg 768w, https:\/\/cultoural.com\/wp\/wp-content\/uploads\/2018\/01\/Dachau-Cultoural_DSC_2955fx-crematorio-viejo-Web-1024x678.jpg 1024w\" sizes=\"auto, (max-width: 2000px) 100vw, 2000px\" \/><\/a><\/p>\n<p><span style=\"text-decoration: underline;\">\u00bfQu\u00e9 se recomienda antes de ir?<\/span><br \/>\nLo m\u00e1s importante es prepararse emocionalmente pues son horribles y altamente impactantes los detalles que se aprenden e ilustran durante el recorrido. Si vas a ir con un grupo, se recomienda verificar con anticipaci\u00f3n la posibilidad de tener un gu\u00eda privado y, sea cual sea el caso, es preferible que intentes estudiar el tema, aunque sea m\u00ednimamente, para comprender mejor su contexto. Dada la naturaleza de este lugar, tambi\u00e9n sugerimos que tus acciones rindan respeto a las v\u00edctimas y una buena forma de hacerlo es, por ejemplo, evitar hacer bromas crueles o tomar &#8216;selfies&#8217; sonrientes.<\/p>\n<p>Desde <a href=\"http:\/\/Cultoural.com\" target=\"_blank\" rel=\"noopener\">Cultoural.com<\/a> te invitamos a aprender sobre este oscuro cap\u00edtulo del pasado, para evitar su repetici\u00f3n en el futuro. Y, en caso de que no puedas ir f\u00edsicamente, puedes hacer el recorrido virtual a trav\u00e9s de:<a href=\"https:\/\/www.kz-gedenkstaette-dachau.de\/virtual_tour.html\" target=\"_blank\" rel=\"noopener\"> https:\/\/www.kz-gedenkstaette-dachau.de\/virtual_tour.html<\/a><\/p>\n<p><em>Fotos: \u00a9 2018. Maricha Mart\u00ednez Sosa \/ Roland Liebetrau.<\/em><\/p>\n","protected":false},"excerpt":{"rendered":"<p>\u2018And there where terror was imposed, conscience is now created\u2019 We have all heard about the concentration camps: one of the most horrific, known and studied systems of oppression in our recent history. Because of the closeness of January 27th,<\/p>\n","protected":false},"author":1,"featured_media":482,"comment_status":"open","ping_status":"open","sticky":false,"template":"","format":"standard","meta":{"footnotes":""},"categories":[176],"tags":[385,383,96,190,155,387,389,381],"class_list":["post-486","post","type-post","status-publish","format-standard","has-post-thumbnail","hentry","category-europe-en","tag-concentration-camp","tag-dachau","tag-europe-en","tag-germany-en","tag-history-en","tag-holocaust","tag-munich","tag-nazi"],"_links":{"self":[{"href":"https:\/\/cultoural.com\/wp\/wp-json\/wp\/v2\/posts\/486","targetHints":{"allow":["GET"]}}],"collection":[{"href":"https:\/\/cultoural.com\/wp\/wp-json\/wp\/v2\/posts"}],"about":[{"href":"https:\/\/cultoural.com\/wp\/wp-json\/wp\/v2\/types\/post"}],"author":[{"embeddable":true,"href":"https:\/\/cultoural.com\/wp\/wp-json\/wp\/v2\/users\/1"}],"replies":[{"embeddable":true,"href":"https:\/\/cultoural.com\/wp\/wp-json\/wp\/v2\/comments?post=486"}],"version-history":[{"count":16,"href":"https:\/\/cultoural.com\/wp\/wp-json\/wp\/v2\/posts\/486\/revisions"}],"predecessor-version":[{"id":535,"href":"https:\/\/cultoural.com\/wp\/wp-json\/wp\/v2\/posts\/486\/revisions\/535"}],"wp:featuredmedia":[{"embeddable":true,"href":"https:\/\/cultoural.com\/wp\/wp-json\/wp\/v2\/media\/482"}],"wp:attachment":[{"href":"https:\/\/cultoural.com\/wp\/wp-json\/wp\/v2\/media?parent=486"}],"wp:term":[{"taxonomy":"category","embeddable":true,"href":"https:\/\/cultoural.com\/wp\/wp-json\/wp\/v2\/categories?post=486"},{"taxonomy":"post_tag","embeddable":true,"href":"https:\/\/cultoural.com\/wp\/wp-json\/wp\/v2\/tags?post=486"}],"curies":[{"name":"wp","href":"https:\/\/api.w.org\/{rel}","templated":true}]}}